{"id":3713,"date":"2023-02-28T09:35:00","date_gmt":"2023-02-28T08:35:00","guid":{"rendered":"https:\/\/rouault.org\/?p=3713"},"modified":"2023-03-02T10:03:25","modified_gmt":"2023-03-02T09:03:25","slug":"georges-rouault-peintre-de-lesprit","status":"publish","type":"post","link":"https:\/\/rouault.org\/en\/2023\/georges-rouault-peintre-de-lesprit\/","title":{"rendered":"Exposition Georges Rouault, peintre de l\u2019esprit"},"content":{"rendered":"\n<h3 class=\"wp-block-heading\">1er avril &#8211; 1er juillet 2023<\/h3>\n\n\n<div class=\"gb-grid-wrapper gb-grid-wrapper-8e79d66f\">\n<div class=\"gb-grid-column gb-grid-column-6fe7cced\"><div class=\"gb-container gb-container-6fe7cced\"><div class=\"gb-inside-container\">\n\n<figure class=\"wp-block-image size-large\"><img loading=\"lazy\" decoding=\"async\" width=\"798\" height=\"1170\" src=\"https:\/\/rouault.org\/wp-content\/uploads\/2023\/03\/affiche-peintre-de-l-esprit-798x1170.jpg\" alt=\"Affiche Rouault Peintre de l'esprit\" class=\"wp-image-3782\" srcset=\"https:\/\/rouault.org\/wp-content\/uploads\/2023\/03\/affiche-peintre-de-l-esprit-798x1170.jpg 798w, https:\/\/rouault.org\/wp-content\/uploads\/2023\/03\/affiche-peintre-de-l-esprit-708x1038.jpg 708w, https:\/\/rouault.org\/wp-content\/uploads\/2023\/03\/affiche-peintre-de-l-esprit-357x523.jpg 357w, https:\/\/rouault.org\/wp-content\/uploads\/2023\/03\/affiche-peintre-de-l-esprit-768x1126.jpg 768w, https:\/\/rouault.org\/wp-content\/uploads\/2023\/03\/affiche-peintre-de-l-esprit.jpg 698w\" sizes=\"(max-width: 798px) 100vw, 798px\" \/><\/figure>\n\n<\/div><\/div><\/div>\n\n<div class=\"gb-grid-column gb-grid-column-776367fc\"><div class=\"gb-container gb-container-776367fc\"><div class=\"gb-inside-container\">\n\n<p>L\u2019exposition <em>\u00ab&nbsp;Georges Rouault, peintre de l\u2019esprit&nbsp;\u00bb<\/em>, r\u00e9alis\u00e9e par Rapha\u00ebl Dupuy, directeur culturel de la Villa Th\u00e9o, proposera un choix d\u2019\u0153uvres de Georges Rouault.<\/p>\n\n<\/div><\/div><\/div>\n<\/div>\n\n\n<h3 class=\"wp-block-heading\">Quand&nbsp;:<\/h3>\n\n\n\n<p>31 mars &#8211; 25 juin 2023<br>Du mardi au samedi de 10h \u00e0 12h et de 14h \u00e0 17h<\/p>\n\n\n\n<h3 class=\"wp-block-heading\">O\u00f9&nbsp;:<\/h3>\n\n\n\n<p>Villa Th\u00e9o&nbsp;\u2014 Centre d&#8217;art<br>265, Avenue Van Rysselberghe<br>83980 Le Lavandou<\/p>\n\n\n\n<h3 class=\"wp-block-heading\">Informations&nbsp;:<\/h3>\n\n\n\n<p><a href=\"https:\/\/villa-theo.fr\/\">villa-theo.fr<\/a><br><a href=\"mailto:service.culturel@le-lavandou.fr\">service.culturel@le-lavandou.fr<\/a><br>T\u00e9l : 04 22 18 01 71<\/p>\n","protected":false},"excerpt":{"rendered":"<p>Du 1er avril au 1er juillet 2023, l\u2019exposition \u00ab Georges Rouault, peintre de l\u2019esprit \u00bb, r\u00e9alis\u00e9e par Rapha\u00ebl Dupuy, directeur culturel de la Villa Th\u00e9o, proposera un choix d\u2019\u0153uvres de Georges Rouault.<\/p>\n","protected":false},"author":1,"featured_media":3722,"comment_status":"closed","ping_status":"closed","sticky":false,"template":"","format":"standard","meta":{"inline_featured_image":false,"footnotes":""},"categories":[1],"tags":[],"_links":{"self":[{"href":"https:\/\/rouault.org\/en\/wp-json\/wp\/v2\/posts\/3713"}],"collection":[{"href":"https:\/\/rouault.org\/en\/wp-json\/wp\/v2\/posts"}],"about":[{"href":"https:\/\/rouault.org\/en\/wp-json\/wp\/v2\/types\/post"}],"author":[{"embeddable":true,"href":"https:\/\/rouault.org\/en\/wp-json\/wp\/v2\/users\/1"}],"replies":[{"embeddable":true,"href":"https:\/\/rouault.org\/en\/wp-json\/wp\/v2\/comments?post=3713"}],"version-history":[{"count":10,"href":"https:\/\/rouault.org\/en\/wp-json\/wp\/v2\/posts\/3713\/revisions"}],"predecessor-version":[{"id":3790,"href":"https:\/\/rouault.org\/en\/wp-json\/wp\/v2\/posts\/3713\/revisions\/3790"}],"wp:featuredmedia":[{"embeddable":true,"href":"https:\/\/rouault.org\/en\/wp-json\/wp\/v2\/media\/3722"}],"wp:attachment":[{"href":"https:\/\/rouault.org\/en\/wp-json\/wp\/v2\/media?parent=3713"}],"wp:term":[{"taxonomy":"category","embeddable":true,"href":"https:\/\/rouault.org\/en\/wp-json\/wp\/v2\/categories?post=3713"},{"taxonomy":"post_tag","embeddable":true,"href":"https:\/\/rouault.org\/en\/wp-json\/wp\/v2\/tags?post=3713"}],"curies":[{"name":"wp","href":"https:\/\/api.w.org\/{rel}","templated":true}]}}