{"id":3323,"date":"2021-12-06T10:10:09","date_gmt":"2021-12-06T09:10:09","guid":{"rendered":"https:\/\/rouault.org\/?p=3323"},"modified":"2021-12-06T11:51:19","modified_gmt":"2021-12-06T10:51:19","slug":"cent-oeuvres-de-georges-rouault-a-la-galerie-tamenaga","status":"publish","type":"post","link":"https:\/\/rouault.org\/en\/2021\/cent-oeuvres-de-georges-rouault-a-la-galerie-tamenaga\/","title":{"rendered":"Cent \u0153uvres de Georges Rouault \u00e0 la galerie Tamenaga"},"content":{"rendered":"\n<h3 class=\"wp-block-heading\">Du 18 novembre au 31 d\u00e9cembre<\/h3>\n\n\n\n<p>Apr\u00e8s son exposition de 2007 sur Georges Rouault, la galerie Tamenaga participe \u00e0 la c\u00e9l\u00e9bration du 150\u1d49  anniversaire de sa naissance en pr\u00e9sentant plus de cent \u0153uvres.<\/p>\n\n\n\n<!--more-->\n\n\n<div class=\"gb-grid-wrapper gb-grid-wrapper-2c42f730\">\n<div class=\"gb-grid-column gb-grid-column-3b8fc96f\"><div class=\"gb-container gb-container-3b8fc96f\"><div class=\"gb-inside-container\">\n\n<p>Sont expos\u00e9es des gouaches, des aquarelles, des gravures, mais aussi de tr\u00e8s rares peintures \u00e0 l&#8217;huile qui retracent les chapitres les plus frappant de l&#8217;\u0153uvre de Georges Rouault.<\/p>\n\n<\/div><\/div><\/div>\n\n<div class=\"gb-grid-column gb-grid-column-ffd88ff0\"><div class=\"gb-container gb-container-ffd88ff0\"><div class=\"gb-inside-container\">\n\n<figure class=\"wp-block-image size-medium\"><img loading=\"lazy\" decoding=\"async\" width=\"708\" height=\"473\" src=\"https:\/\/rouault.org\/wp-content\/uploads\/2021\/12\/tamenaga-rouault-18-11-21-708x473.jpg\" alt=\"\" class=\"wp-image-3328\" srcset=\"https:\/\/rouault.org\/wp-content\/uploads\/2021\/12\/tamenaga-rouault-18-11-21-708x473.jpg 708w, https:\/\/rouault.org\/wp-content\/uploads\/2021\/12\/tamenaga-rouault-18-11-21-1170x782.jpg 1170w, https:\/\/rouault.org\/wp-content\/uploads\/2021\/12\/tamenaga-rouault-18-11-21-357x239.jpg 357w, https:\/\/rouault.org\/wp-content\/uploads\/2021\/12\/tamenaga-rouault-18-11-21-768x513.jpg 768w, https:\/\/rouault.org\/wp-content\/uploads\/2021\/12\/tamenaga-rouault-18-11-21-1536x1027.jpg 1536w, https:\/\/rouault.org\/wp-content\/uploads\/2021\/12\/tamenaga-rouault-18-11-21.jpg 1616w\" sizes=\"(max-width: 708px) 100vw, 708px\" \/><\/figure>\n\n<\/div><\/div><\/div>\n<\/div>\n\n\n<p>Cette exposition est r\u00e9alis\u00e9e avec la contribution de la Fondation Georges Rouault.<\/p>\n\n\n\n<p><\/p>\n","protected":false},"excerpt":{"rendered":"<p>Du 18 novembre au 31 d\u00e9cembre Apr\u00e8s son exposition de 2007 sur Georges Rouault, la galerie Tamenaga participe \u00e0 la c\u00e9l\u00e9bration du 150\u1d49 anniversaire de sa naissance en pr\u00e9sentant plus de cent \u0153uvres.<\/p>\n","protected":false},"author":1,"featured_media":3325,"comment_status":"closed","ping_status":"closed","sticky":false,"template":"","format":"standard","meta":{"inline_featured_image":false,"footnotes":""},"categories":[1],"tags":[],"_links":{"self":[{"href":"https:\/\/rouault.org\/en\/wp-json\/wp\/v2\/posts\/3323"}],"collection":[{"href":"https:\/\/rouault.org\/en\/wp-json\/wp\/v2\/posts"}],"about":[{"href":"https:\/\/rouault.org\/en\/wp-json\/wp\/v2\/types\/post"}],"author":[{"embeddable":true,"href":"https:\/\/rouault.org\/en\/wp-json\/wp\/v2\/users\/1"}],"replies":[{"embeddable":true,"href":"https:\/\/rouault.org\/en\/wp-json\/wp\/v2\/comments?post=3323"}],"version-history":[{"count":7,"href":"https:\/\/rouault.org\/en\/wp-json\/wp\/v2\/posts\/3323\/revisions"}],"predecessor-version":[{"id":3380,"href":"https:\/\/rouault.org\/en\/wp-json\/wp\/v2\/posts\/3323\/revisions\/3380"}],"wp:featuredmedia":[{"embeddable":true,"href":"https:\/\/rouault.org\/en\/wp-json\/wp\/v2\/media\/3325"}],"wp:attachment":[{"href":"https:\/\/rouault.org\/en\/wp-json\/wp\/v2\/media?parent=3323"}],"wp:term":[{"taxonomy":"category","embeddable":true,"href":"https:\/\/rouault.org\/en\/wp-json\/wp\/v2\/categories?post=3323"},{"taxonomy":"post_tag","embeddable":true,"href":"https:\/\/rouault.org\/en\/wp-json\/wp\/v2\/tags?post=3323"}],"curies":[{"name":"wp","href":"https:\/\/api.w.org\/{rel}","templated":true}]}}