{"id":3231,"date":"2021-09-23T13:17:05","date_gmt":"2021-09-23T11:17:05","guid":{"rendered":"https:\/\/rouault.org\/?p=3231"},"modified":"2021-11-23T08:39:46","modified_gmt":"2021-11-23T07:39:46","slug":"valerie-rouault-improvise-au-violoncelle-devant-les-oeuvres-de-son-arriere-grand-pere-au-centre-pompidou","status":"publish","type":"post","link":"https:\/\/rouault.org\/en\/2021\/valerie-rouault-improvise-au-violoncelle-devant-les-oeuvres-de-son-arriere-grand-pere-au-centre-pompidou\/","title":{"rendered":"Val\u00e9rie Rouault improvise au Violoncelle devant les \u0153uvres de son arri\u00e8re-grand-p\u00e8re au Centre Pompidou"},"content":{"rendered":"\n<h3 class=\"gb-headline gb-headline-84dad9ff gb-headline-text\">Dimanche 26 septembre 2021, \u00e0 partir de 15h<\/h3>\n\n\n\n<p>Dans le cadre du week-end de \u00ab&nbsp;Cr\u00e9ation en famille&nbsp;\u00bb du Centre Georges Pompidou \u00e0 Paris, Val\u00e9rie Rouault, violoncelliste et arri\u00e8re-petite-fille de Georges Rouault, jouera devant les tableaux de l&#8217;exposition Saintes Col\u00e8res et de la collection permanente des \u0153uvres du peintre, accompagn\u00e9e par une conf\u00e9renci\u00e8re du Centre Pompidou, Myl\u00e8ne Glikou.<\/p>\n\n\n\n<!--more-->\n\n\n\n<figure class=\"wp-block-embed is-type-video is-provider-youtube wp-block-embed-youtube wp-embed-aspect-16-9 wp-has-aspect-ratio\"><div class=\"wp-block-embed__wrapper\">\n<iframe loading=\"lazy\" title=\"Tableaux Georges Rouault - Violoncelle Val\u00e9rie Rouault\" width=\"1200\" height=\"675\" src=\"https:\/\/www.youtube.com\/embed\/TvzHH_fY5eE?feature=oembed\" frameborder=\"0\" allow=\"accelerometer; autoplay; clipboard-write; encrypted-media; gyroscope; picture-in-picture\" allowfullscreen><\/iframe>\n<\/div><\/figure>\n","protected":false},"excerpt":{"rendered":"<p>Dimanche 26 septembre 2021, \u00e0 partir de 15h Dans le cadre du week-end de \u00ab&nbsp;Cr\u00e9ation en famille&nbsp;\u00bb du Centre Georges Pompidou \u00e0 Paris, Val\u00e9rie Rouault, violoncelliste et arri\u00e8re-petite-fille de Georges Rouault, jouera devant les tableaux de l&#8217;exposition Saintes Col\u00e8res et de la collection permanente des \u0153uvres du peintre, accompagn\u00e9e par une conf\u00e9renci\u00e8re du Centre Pompidou, &#8230; <\/p>\n<p class=\"read-more-container\"><a title=\"Val\u00e9rie Rouault improvise au Violoncelle devant les \u0153uvres de son arri\u00e8re-grand-p\u00e8re au Centre Pompidou\" class=\"read-more button\" href=\"https:\/\/rouault.org\/en\/2021\/valerie-rouault-improvise-au-violoncelle-devant-les-oeuvres-de-son-arriere-grand-pere-au-centre-pompidou\/#more-3231\" aria-label=\"Read more about Val\u00e9rie Rouault improvise au Violoncelle devant les \u0153uvres de son arri\u00e8re-grand-p\u00e8re au Centre Pompidou\">En savoir plus<\/a><\/p>\n","protected":false},"author":1,"featured_media":3252,"comment_status":"closed","ping_status":"closed","sticky":false,"template":"","format":"standard","meta":{"inline_featured_image":false,"footnotes":""},"categories":[2],"tags":[],"_links":{"self":[{"href":"https:\/\/rouault.org\/en\/wp-json\/wp\/v2\/posts\/3231"}],"collection":[{"href":"https:\/\/rouault.org\/en\/wp-json\/wp\/v2\/posts"}],"about":[{"href":"https:\/\/rouault.org\/en\/wp-json\/wp\/v2\/types\/post"}],"author":[{"embeddable":true,"href":"https:\/\/rouault.org\/en\/wp-json\/wp\/v2\/users\/1"}],"replies":[{"embeddable":true,"href":"https:\/\/rouault.org\/en\/wp-json\/wp\/v2\/comments?post=3231"}],"version-history":[{"count":6,"href":"https:\/\/rouault.org\/en\/wp-json\/wp\/v2\/posts\/3231\/revisions"}],"predecessor-version":[{"id":3251,"href":"https:\/\/rouault.org\/en\/wp-json\/wp\/v2\/posts\/3231\/revisions\/3251"}],"wp:featuredmedia":[{"embeddable":true,"href":"https:\/\/rouault.org\/en\/wp-json\/wp\/v2\/media\/3252"}],"wp:attachment":[{"href":"https:\/\/rouault.org\/en\/wp-json\/wp\/v2\/media?parent=3231"}],"wp:term":[{"taxonomy":"category","embeddable":true,"href":"https:\/\/rouault.org\/en\/wp-json\/wp\/v2\/categories?post=3231"},{"taxonomy":"post_tag","embeddable":true,"href":"https:\/\/rouault.org\/en\/wp-json\/wp\/v2\/tags?post=3231"}],"curies":[{"name":"wp","href":"https:\/\/api.w.org\/{rel}","templated":true}]}}