{"id":266,"date":"2021-05-15T11:15:00","date_gmt":"2021-05-15T09:15:00","guid":{"rendered":"https:\/\/rouault.org\/?p=266"},"modified":"2021-07-08T09:52:00","modified_gmt":"2021-07-08T07:52:00","slug":"accrochage-au-centre-pompidou","status":"publish","type":"post","link":"https:\/\/rouault.org\/en\/2021\/accrochage-au-centre-pompidou\/","title":{"rendered":"Georges Rouault au Centre Pompidou"},"content":{"rendered":"\n<p>Le Mus\u00e9e national d\u2019art moderne du Centre Georges Pompidou \u00e0 Paris rend hommage \u00e0 Georges Rouault et c\u00e9l\u00e8bre cette ann\u00e9e le 150<sup>e<\/sup> anniversaire de sa naissance en lui consacrant l\u2019<a href=\"https:\/\/www.centrepompidou.fr\/fr\/programme\/agenda\/evenement\/0cxrf3O\" target=\"_blank\" rel=\"noreferrer noopener\">exposition \u00ab&nbsp;Saintes Col\u00e8res&nbsp;\u00bb<\/a> du 9 juillet au 3 octobre 2021. <\/p>\n\n\n\n<!--more-->\n\n\n\n<p>Par ailleurs, la salle 2 de la collection permanente est consacr\u00e9 \u00e0 l\u2019artiste.<br>Mus\u00e9e national d\u2019art moderne, Centre Pompidou<br>Niveau&nbsp;5, salle&nbsp;2<\/p>\n\n\n\n<figure class=\"wp-block-image size-large\"><img loading=\"lazy\" decoding=\"async\" width=\"1170\" height=\"780\" src=\"https:\/\/rouault.org\/wp-content\/uploads\/2021\/03\/CP_vue_salle2_20210613__0050-18-1.jpg\" alt=\"Rouault au Centre Pompidou 2021\" class=\"wp-image-2809\" srcset=\"https:\/\/rouault.org\/wp-content\/uploads\/2021\/03\/CP_vue_salle2_20210613__0050-18-1.jpg 1170w, https:\/\/rouault.org\/wp-content\/uploads\/2021\/03\/CP_vue_salle2_20210613__0050-18-1-708x472.jpg 708w, https:\/\/rouault.org\/wp-content\/uploads\/2021\/03\/CP_vue_salle2_20210613__0050-18-1-357x238.jpg 357w, https:\/\/rouault.org\/wp-content\/uploads\/2021\/03\/CP_vue_salle2_20210613__0050-18-1-768x512.jpg 768w\" sizes=\"(max-width: 1170px) 100vw, 1170px\" \/><\/figure>\n\n\n<div class=\"gb-grid-wrapper gb-grid-wrapper-f1f4928d\">\n<div class=\"gb-grid-column gb-grid-column-bffe9a7a\"><div class=\"gb-container gb-container-bffe9a7a\"><div class=\"gb-inside-container\">\n\n<figure class=\"wp-block-image size-large\"><img loading=\"lazy\" decoding=\"async\" width=\"1000\" height=\"667\" src=\"https:\/\/rouault.org\/wp-content\/uploads\/2021\/03\/Rouault-au-Centre-Pompidou-2021-2.jpg\" alt=\"Rouault-au-Centre-Pompidou-2021\" class=\"wp-image-2751\" srcset=\"https:\/\/rouault.org\/wp-content\/uploads\/2021\/03\/Rouault-au-Centre-Pompidou-2021-2.jpg 1000w, https:\/\/rouault.org\/wp-content\/uploads\/2021\/03\/Rouault-au-Centre-Pompidou-2021-2-708x472.jpg 708w, https:\/\/rouault.org\/wp-content\/uploads\/2021\/03\/Rouault-au-Centre-Pompidou-2021-2-357x238.jpg 357w, https:\/\/rouault.org\/wp-content\/uploads\/2021\/03\/Rouault-au-Centre-Pompidou-2021-2-768x512.jpg 768w\" sizes=\"(max-width: 1000px) 100vw, 1000px\" \/><\/figure>\n\n<\/div><\/div><\/div>\n\n<div class=\"gb-grid-column gb-grid-column-c44f6422\"><div class=\"gb-container gb-container-c44f6422\"><div class=\"gb-inside-container\">\n\n<figure class=\"wp-block-image size-large\"><img loading=\"lazy\" decoding=\"async\" width=\"1000\" height=\"670\" src=\"https:\/\/rouault.org\/wp-content\/uploads\/2021\/03\/Rouault-au-Centre-Pompidou-2021-3.jpg\" alt=\"Rouault-au-Centre-Pompidou-2021\" class=\"wp-image-2753\" srcset=\"https:\/\/rouault.org\/wp-content\/uploads\/2021\/03\/Rouault-au-Centre-Pompidou-2021-3.jpg 1000w, https:\/\/rouault.org\/wp-content\/uploads\/2021\/03\/Rouault-au-Centre-Pompidou-2021-3-708x474.jpg 708w, https:\/\/rouault.org\/wp-content\/uploads\/2021\/03\/Rouault-au-Centre-Pompidou-2021-3-357x239.jpg 357w, https:\/\/rouault.org\/wp-content\/uploads\/2021\/03\/Rouault-au-Centre-Pompidou-2021-3-768x515.jpg 768w\" sizes=\"(max-width: 1000px) 100vw, 1000px\" \/><\/figure>\n\n<\/div><\/div><\/div>\n<\/div>","protected":false},"excerpt":{"rendered":"<p>Le Centre Pompidou consacre une exposition \u00e0 Georges Rouault du xx juin \u00e0 xx septembre 2021.<\/p>\n","protected":false},"author":2,"featured_media":2782,"comment_status":"closed","ping_status":"closed","sticky":false,"template":"","format":"standard","meta":{"inline_featured_image":false,"footnotes":""},"categories":[4],"tags":[],"_links":{"self":[{"href":"https:\/\/rouault.org\/en\/wp-json\/wp\/v2\/posts\/266"}],"collection":[{"href":"https:\/\/rouault.org\/en\/wp-json\/wp\/v2\/posts"}],"about":[{"href":"https:\/\/rouault.org\/en\/wp-json\/wp\/v2\/types\/post"}],"author":[{"embeddable":true,"href":"https:\/\/rouault.org\/en\/wp-json\/wp\/v2\/users\/2"}],"replies":[{"embeddable":true,"href":"https:\/\/rouault.org\/en\/wp-json\/wp\/v2\/comments?post=266"}],"version-history":[{"count":21,"href":"https:\/\/rouault.org\/en\/wp-json\/wp\/v2\/posts\/266\/revisions"}],"predecessor-version":[{"id":3154,"href":"https:\/\/rouault.org\/en\/wp-json\/wp\/v2\/posts\/266\/revisions\/3154"}],"wp:featuredmedia":[{"embeddable":true,"href":"https:\/\/rouault.org\/en\/wp-json\/wp\/v2\/media\/2782"}],"wp:attachment":[{"href":"https:\/\/rouault.org\/en\/wp-json\/wp\/v2\/media?parent=266"}],"wp:term":[{"taxonomy":"category","embeddable":true,"href":"https:\/\/rouault.org\/en\/wp-json\/wp\/v2\/categories?post=266"},{"taxonomy":"post_tag","embeddable":true,"href":"https:\/\/rouault.org\/en\/wp-json\/wp\/v2\/tags?post=266"}],"curies":[{"name":"wp","href":"https:\/\/api.w.org\/{rel}","templated":true}]}}